{"id":873,"date":"2022-12-13T09:36:29","date_gmt":"2022-12-13T08:36:29","guid":{"rendered":"https:\/\/sloneczko-radom.home.pl\/nowaszkola\/?p=873"},"modified":"2023-02-01T16:08:57","modified_gmt":"2023-02-01T15:08:57","slug":"873","status":"publish","type":"post","link":"https:\/\/niepublicznaradom.edu.pl\/?p=873","title":{"rendered":"Miko\u0142ajkowe zawody lekkoatletyczne"},"content":{"rendered":"\n<p>9 grudnia, na hali Miejskiego O\u015brodka Sportu odbywa\u0142y si\u0119 mi\u0119dzyszkolne miko\u0142ajkowe zawody lekkoatletyczne &#8222;Miko\u0142aj z Gwiazdami&#8221;. Nasza reprezentacja z\u0142o\u017cona z pi\u0105to i sz\u00f3stoklasist\u00f3w dzielnie walczy\u0142a we wszystkich konkurencjach: biegu na 60 m, rzucie pi\u0142k\u0105 lekarsk\u0105 oraz skoku w dal. Dzi\u0119ki zwyci\u0119stwu w dw\u00f3ch kategoriach jednej z naszych uczennic &#8211; Hani, zdobyli\u015bmy tytu\u0142 Najlepszej Szko\u0142y! Wszystkim uczestnikom gratulujemy zapa\u0142u i mamy nadziej\u0119, jeszcze nie raz, wsp\u00f3lnie, cieszy\u0107 si\u0119 sportowymi sukcesami.<\/p>\n\n\n\n<figure class=\"wp-block-gallery has-nested-images columns-default is-cropped wp-block-gallery-1 is-layout-flex\">\n<figure class=\"wp-block-image size-large\"><img decoding=\"async\" loading=\"lazy\" width=\"526\" height=\"701\" data-id=\"874\"  src=\"https:\/\/sloneczko-radom.home.pl\/nowaszkola\/wp-content\/uploads\/2023\/01\/puchar_zaw_lekkoatl.jpg\" alt=\"\" class=\"wp-image-874\" srcset=\"https:\/\/niepublicznaradom.edu.pl\/wp-content\/uploads\/2023\/01\/puchar_zaw_lekkoatl.jpg 526w, https:\/\/niepublicznaradom.edu.pl\/wp-content\/uploads\/2023\/01\/puchar_zaw_lekkoatl-225x300.jpg 225w\" sizes=\"(max-width: 526px) 100vw, 526px\" \/><\/figure>\n<\/figure>\n","protected":false},"excerpt":{"rendered":"<p>Brawo My! Tytu\u0142 najlepszej szko\u0142y na zawodach lekkoatletycznych nale\u017cy do Nas!<\/p>\n","protected":false},"author":1,"featured_media":875,"comment_status":"closed","ping_status":"open","sticky":false,"template":"","format":"standard","meta":[],"categories":[3],"tags":[5],"_links":{"self":[{"href":"https:\/\/niepublicznaradom.edu.pl\/index.php?rest_route=\/wp\/v2\/posts\/873"}],"collection":[{"href":"https:\/\/niepublicznaradom.edu.pl\/index.php?rest_route=\/wp\/v2\/posts"}],"about":[{"href":"https:\/\/niepublicznaradom.edu.pl\/index.php?rest_route=\/wp\/v2\/types\/post"}],"author":[{"embeddable":true,"href":"https:\/\/niepublicznaradom.edu.pl\/index.php?rest_route=\/wp\/v2\/users\/1"}],"replies":[{"embeddable":true,"href":"https:\/\/niepublicznaradom.edu.pl\/index.php?rest_route=%2Fwp%2Fv2%2Fcomments&post=873"}],"version-history":[{"count":2,"href":"https:\/\/niepublicznaradom.edu.pl\/index.php?rest_route=\/wp\/v2\/posts\/873\/revisions"}],"predecessor-version":[{"id":877,"href":"https:\/\/niepublicznaradom.edu.pl\/index.php?rest_route=\/wp\/v2\/posts\/873\/revisions\/877"}],"wp:featuredmedia":[{"embeddable":true,"href":"https:\/\/niepublicznaradom.edu.pl\/index.php?rest_route=\/wp\/v2\/media\/875"}],"wp:attachment":[{"href":"https:\/\/niepublicznaradom.edu.pl\/index.php?rest_route=%2Fwp%2Fv2%2Fmedia&parent=873"}],"wp:term":[{"taxonomy":"category","embeddable":true,"href":"https:\/\/niepublicznaradom.edu.pl\/index.php?rest_route=%2Fwp%2Fv2%2Fcategories&post=873"},{"taxonomy":"post_tag","embeddable":true,"href":"https:\/\/niepublicznaradom.edu.pl\/index.php?rest_route=%2Fwp%2Fv2%2Ftags&post=873"}],"curies":[{"name":"wp","href":"https:\/\/api.w.org\/{rel}","templated":true}]}}